
{"id":5562,"date":"2024-07-17T16:07:10","date_gmt":"2024-07-17T19:07:10","guid":{"rendered":"https:\/\/famlyfortino.com.ar\/motos\/?p=5562"},"modified":"2024-07-17T16:46:09","modified_gmt":"2024-07-17T19:46:09","slug":"andar-en-moto-pasar-menos-frio","status":"publish","type":"post","link":"https:\/\/famlyfortino.com.ar\/motos\/andar-en-moto-pasar-menos-frio\/","title":{"rendered":"ANDAR EN MOTO \ud83c\udfcd\ufe0f PASAR MENOS FRIO \ud83e\udd76"},"content":{"rendered":"<section class=\"wpb-content-wrapper\"><p>[vc_row][vc_column width=&#8221;3\/4&#8243; css=&#8221;.vc_custom_1707260000606{margin-bottom: 100px !important;border-bottom-width: 100px !important;}&#8221;][stm_post_title][vc_column_text]El fr\u00edo en moto es una de las cosas que pueden resultar m\u00e1s molestas, dicen que las bicicletas son para el verano, y las motos tambi\u00e9n. Dudo que esto sea motivo para que una persona amante de las motos deje de andar, sobre todo despu\u00e9s de que la indumentaria motera, tenga tantas variantes en las \u00faltimas d\u00e9cadas.<\/p>\n<p><img loading=\"lazy\" decoding=\"async\" class=\"aligncenter wp-image-5563 size-full\" src=\"https:\/\/famlyfortino.com.ar\/motos\/wp-content\/uploads\/2024\/07\/132258948_221477816148758_1574407685301141420_n.jpg\" alt=\"\" width=\"1920\" height=\"1080\" srcset=\"https:\/\/famlyfortino.com.ar\/motos\/wp-content\/uploads\/2024\/07\/132258948_221477816148758_1574407685301141420_n.jpg 1920w, https:\/\/famlyfortino.com.ar\/motos\/wp-content\/uploads\/2024\/07\/132258948_221477816148758_1574407685301141420_n-500x281.jpg 500w, https:\/\/famlyfortino.com.ar\/motos\/wp-content\/uploads\/2024\/07\/132258948_221477816148758_1574407685301141420_n-300x169.jpg 300w, https:\/\/famlyfortino.com.ar\/motos\/wp-content\/uploads\/2024\/07\/132258948_221477816148758_1574407685301141420_n-1024x576.jpg 1024w, https:\/\/famlyfortino.com.ar\/motos\/wp-content\/uploads\/2024\/07\/132258948_221477816148758_1574407685301141420_n-255x143.jpg 255w, https:\/\/famlyfortino.com.ar\/motos\/wp-content\/uploads\/2024\/07\/132258948_221477816148758_1574407685301141420_n-510x287.jpg 510w, https:\/\/famlyfortino.com.ar\/motos\/wp-content\/uploads\/2024\/07\/132258948_221477816148758_1574407685301141420_n-280x158.jpg 280w, https:\/\/famlyfortino.com.ar\/motos\/wp-content\/uploads\/2024\/07\/132258948_221477816148758_1574407685301141420_n-560x315.jpg 560w, https:\/\/famlyfortino.com.ar\/motos\/wp-content\/uploads\/2024\/07\/132258948_221477816148758_1574407685301141420_n-350x197.jpg 350w, https:\/\/famlyfortino.com.ar\/motos\/wp-content\/uploads\/2024\/07\/132258948_221477816148758_1574407685301141420_n-700x394.jpg 700w, https:\/\/famlyfortino.com.ar\/motos\/wp-content\/uploads\/2024\/07\/132258948_221477816148758_1574407685301141420_n-398x224.jpg 398w, https:\/\/famlyfortino.com.ar\/motos\/wp-content\/uploads\/2024\/07\/132258948_221477816148758_1574407685301141420_n-796x448.jpg 796w, https:\/\/famlyfortino.com.ar\/motos\/wp-content\/uploads\/2024\/07\/132258948_221477816148758_1574407685301141420_n-266x150.jpg 266w, https:\/\/famlyfortino.com.ar\/motos\/wp-content\/uploads\/2024\/07\/132258948_221477816148758_1574407685301141420_n-600x338.jpg 600w\" sizes=\"auto, (max-width: 1920px) 100vw, 1920px\" \/>Una salida en un d\u00eda fr\u00edo, puede quedar oscurecida si no disponemos del equipamiento adecuado.<\/p>\n<p>Antes de un viaje, piensa en tu atuendo. Visit\u00e1 un local de accesorios o indumentaria y busc\u00e1 un conjunto polar para colocar bajo el mono o tu conjunto de campera y pantal\u00f3n.<\/p>\n<p>Las prendas moteras deben ser impermeables y multicapa, con uno o, preferiblemente, dos o tres forros interiores desmontables.<\/p>\n<p><img loading=\"lazy\" decoding=\"async\" class=\"aligncenter wp-image-5564 size-large\" src=\"https:\/\/famlyfortino.com.ar\/motos\/wp-content\/uploads\/2024\/07\/paragrapharticle-5a37df0286986-1024x576.jpg\" alt=\"\" width=\"1024\" height=\"576\" srcset=\"https:\/\/famlyfortino.com.ar\/motos\/wp-content\/uploads\/2024\/07\/paragrapharticle-5a37df0286986-1024x576.jpg 1024w, https:\/\/famlyfortino.com.ar\/motos\/wp-content\/uploads\/2024\/07\/paragrapharticle-5a37df0286986-500x281.jpg 500w, https:\/\/famlyfortino.com.ar\/motos\/wp-content\/uploads\/2024\/07\/paragrapharticle-5a37df0286986-300x169.jpg 300w, https:\/\/famlyfortino.com.ar\/motos\/wp-content\/uploads\/2024\/07\/paragrapharticle-5a37df0286986-255x143.jpg 255w, https:\/\/famlyfortino.com.ar\/motos\/wp-content\/uploads\/2024\/07\/paragrapharticle-5a37df0286986-510x287.jpg 510w, https:\/\/famlyfortino.com.ar\/motos\/wp-content\/uploads\/2024\/07\/paragrapharticle-5a37df0286986-280x158.jpg 280w, https:\/\/famlyfortino.com.ar\/motos\/wp-content\/uploads\/2024\/07\/paragrapharticle-5a37df0286986-560x315.jpg 560w, https:\/\/famlyfortino.com.ar\/motos\/wp-content\/uploads\/2024\/07\/paragrapharticle-5a37df0286986-350x197.jpg 350w, https:\/\/famlyfortino.com.ar\/motos\/wp-content\/uploads\/2024\/07\/paragrapharticle-5a37df0286986-700x394.jpg 700w, https:\/\/famlyfortino.com.ar\/motos\/wp-content\/uploads\/2024\/07\/paragrapharticle-5a37df0286986-398x224.jpg 398w, https:\/\/famlyfortino.com.ar\/motos\/wp-content\/uploads\/2024\/07\/paragrapharticle-5a37df0286986-796x448.jpg 796w, https:\/\/famlyfortino.com.ar\/motos\/wp-content\/uploads\/2024\/07\/paragrapharticle-5a37df0286986.jpg 1280w\" sizes=\"auto, (max-width: 1024px) 100vw, 1024px\" \/>Un buen consejo en caso de fr\u00edo corporal, un papel de diario colocado entre la campera y el pecho es siempre un buen remedio de urgencia.<\/p>\n<p>Para los pies no olvides unas medias t\u00e9rmicas de buena calidad.<\/p>\n<p>Los que andamos seguido en los d\u00edas fr\u00edos sabemos lo m\u00e1s dif\u00edcil de mantener caliente son las manos.<\/p>\n<p>Puedes usar unos guantes especializados \u201cWaterproof\u201d o \u201cWind Stopper\u201d. Pero que no te queden muy justos: deben mantener una c\u00e1mara de aire que actuar\u00e1 como aislante.<\/p>\n<p><img loading=\"lazy\" decoding=\"async\" class=\"aligncenter wp-image-5565 size-full\" src=\"https:\/\/famlyfortino.com.ar\/motos\/wp-content\/uploads\/2024\/07\/guantes-moto-inbike-2208611.jpg\" alt=\"\" width=\"1200\" height=\"742\" srcset=\"https:\/\/famlyfortino.com.ar\/motos\/wp-content\/uploads\/2024\/07\/guantes-moto-inbike-2208611.jpg 1200w, https:\/\/famlyfortino.com.ar\/motos\/wp-content\/uploads\/2024\/07\/guantes-moto-inbike-2208611-500x309.jpg 500w, https:\/\/famlyfortino.com.ar\/motos\/wp-content\/uploads\/2024\/07\/guantes-moto-inbike-2208611-300x186.jpg 300w, https:\/\/famlyfortino.com.ar\/motos\/wp-content\/uploads\/2024\/07\/guantes-moto-inbike-2208611-1024x633.jpg 1024w, https:\/\/famlyfortino.com.ar\/motos\/wp-content\/uploads\/2024\/07\/guantes-moto-inbike-2208611-255x158.jpg 255w, https:\/\/famlyfortino.com.ar\/motos\/wp-content\/uploads\/2024\/07\/guantes-moto-inbike-2208611-510x315.jpg 510w, https:\/\/famlyfortino.com.ar\/motos\/wp-content\/uploads\/2024\/07\/guantes-moto-inbike-2208611-280x173.jpg 280w, https:\/\/famlyfortino.com.ar\/motos\/wp-content\/uploads\/2024\/07\/guantes-moto-inbike-2208611-560x346.jpg 560w, https:\/\/famlyfortino.com.ar\/motos\/wp-content\/uploads\/2024\/07\/guantes-moto-inbike-2208611-350x216.jpg 350w, https:\/\/famlyfortino.com.ar\/motos\/wp-content\/uploads\/2024\/07\/guantes-moto-inbike-2208611-700x433.jpg 700w, https:\/\/famlyfortino.com.ar\/motos\/wp-content\/uploads\/2024\/07\/guantes-moto-inbike-2208611-398x246.jpg 398w, https:\/\/famlyfortino.com.ar\/motos\/wp-content\/uploads\/2024\/07\/guantes-moto-inbike-2208611-796x492.jpg 796w\" sizes=\"auto, (max-width: 1200px) 100vw, 1200px\" \/><\/p>\n<p>En caso de emergencia, como por si llueve llevar\u00e1s el traje de lluvia m\u00e1s cubre manos y cubre botas, no dudes en usarlos a\u00fan en seco.<\/p>\n<p>\u00bfUn truco en caso de lluvia? Bolsas de pl\u00e1stico en las botas para impermeabilizar<\/p>\n<p>Recuerda que existen en el mercado chalecos y guantes \u201cenchufables\u201d bien a una bater\u00eda externa que llevar\u00e1s en el bolsillo, bien a una toma de corriente de la propia moto.<\/p>\n<p>Por ultimo y no menos importante una buena visi\u00f3n es primordial. Usa pantallas claras en el casco con el a\u00f1adido de alg\u00fan sistema anti-empa\u00f1ante. Hay accesorios en forma de l\u00edquido \u201canti-fog\u201d o de l\u00e1mina pl\u00e1stica interna tipo \u201cpin-lock\u201d.[\/vc_column_text][stm_post_info][stm_post_meta_bottom][stm_post_author_box][\/vc_column][vc_column width=&#8221;1\/4&#8243;][stm_sidebar sidebar=&#8221;651&#8243;][\/vc_column][\/vc_row]<\/p>\n<\/section>","protected":false},"excerpt":{"rendered":"<p>[vc_row][vc_column width=&#8221;3\/4&#8243; css=&#8221;.vc_custom_1707260000606{margin-bottom: 100px !important;border-bottom-width: 100px !important;}&#8221;][stm_post_title][vc_column_text]El fr\u00edo en moto es una de las cosas que pueden resultar m\u00e1s molestas, dicen que las bicicletas son para el verano, y las motos tambi\u00e9n. Dudo que esto sea motivo para que una persona amante de las motos deje de andar, sobre todo despu\u00e9s de que la indumentaria&#8230;<\/p>\n","protected":false},"author":2,"featured_media":5563,"comment_status":"open","ping_status":"open","sticky":false,"template":"","format":"standard","meta":{"footnotes":""},"categories":[183],"tags":[205,189,203,204,190],"class_list":["post-5562","post","type-post","status-publish","format-standard","has-post-thumbnail","hentry","category-consejos","tag-accesorios","tag-cuidado","tag-frio","tag-invierno","tag-moto"],"_links":{"self":[{"href":"https:\/\/famlyfortino.com.ar\/motos\/wp-json\/wp\/v2\/posts\/5562","targetHints":{"allow":["GET"]}}],"collection":[{"href":"https:\/\/famlyfortino.com.ar\/motos\/wp-json\/wp\/v2\/posts"}],"about":[{"href":"https:\/\/famlyfortino.com.ar\/motos\/wp-json\/wp\/v2\/types\/post"}],"author":[{"embeddable":true,"href":"https:\/\/famlyfortino.com.ar\/motos\/wp-json\/wp\/v2\/users\/2"}],"replies":[{"embeddable":true,"href":"https:\/\/famlyfortino.com.ar\/motos\/wp-json\/wp\/v2\/comments?post=5562"}],"version-history":[{"count":3,"href":"https:\/\/famlyfortino.com.ar\/motos\/wp-json\/wp\/v2\/posts\/5562\/revisions"}],"predecessor-version":[{"id":5568,"href":"https:\/\/famlyfortino.com.ar\/motos\/wp-json\/wp\/v2\/posts\/5562\/revisions\/5568"}],"wp:featuredmedia":[{"embeddable":true,"href":"https:\/\/famlyfortino.com.ar\/motos\/wp-json\/wp\/v2\/media\/5563"}],"wp:attachment":[{"href":"https:\/\/famlyfortino.com.ar\/motos\/wp-json\/wp\/v2\/media?parent=5562"}],"wp:term":[{"taxonomy":"category","embeddable":true,"href":"https:\/\/famlyfortino.com.ar\/motos\/wp-json\/wp\/v2\/categories?post=5562"},{"taxonomy":"post_tag","embeddable":true,"href":"https:\/\/famlyfortino.com.ar\/motos\/wp-json\/wp\/v2\/tags?post=5562"}],"curies":[{"name":"wp","href":"https:\/\/api.w.org\/{rel}","templated":true}]}}